{"id":7648,"date":"2023-01-18T11:12:00","date_gmt":"2023-01-18T10:12:00","guid":{"rendered":"https:\/\/topoieinstudio.fr\/?p=7648"},"modified":"2024-08-26T16:07:26","modified_gmt":"2024-08-26T14:07:26","slug":"conference-table-ronde-architectures-bois-au-quotidien3-a-la-rencontre-des-architectes","status":"publish","type":"post","link":"https:\/\/topoieinstudio.fr\/index.php\/2023\/01\/18\/conference-table-ronde-architectures-bois-au-quotidien3-a-la-rencontre-des-architectes\/","title":{"rendered":"Conf\u00e9rence table-ronde \u00ab\u00a0Architectures bois au quotidien\u00a0\u00bb#3 : \u00e0 la rencontre des architectes"},"content":{"rendered":"\t\t<div data-elementor-type=\"wp-post\" data-elementor-id=\"7648\" class=\"elementor elementor-7648\">\n\t\t\t\t<div class=\"elementor-element elementor-element-aa213a0 e-flex e-con-boxed wpr-particle-no wpr-jarallax-no wpr-parallax-no wpr-sticky-section-no wpr-equal-height-no elementor-invisible e-con e-parent\" data-id=\"aa213a0\" data-element_type=\"container\" data-e-type=\"container\" data-settings=\"{&quot;animation&quot;:&quot;fadeIn&quot;}\">\n\t\t\t\t\t<div class=\"e-con-inner\">\n\t\t\t\t<div class=\"elementor-element elementor-element-5bb8222 elementor-widget elementor-widget-heading\" data-id=\"5bb8222\" data-element_type=\"widget\" data-e-type=\"widget\" data-widget_type=\"heading.default\">\n\t\t\t\t<div class=\"elementor-widget-container\">\n\t\t\t\t\t<h2 class=\"elementor-heading-title elementor-size-default\">Conf\u00e9rence table-ronde \"Architectures bois au quotidien\"#3 : \u00e0 la rencontre des architectes\u200b<\/h2>\t\t\t\t<\/div>\n\t\t\t\t<\/div>\n\t\t\t\t<div class=\"elementor-element elementor-element-f572900 elementor-widget elementor-widget-text-editor\" data-id=\"f572900\" data-element_type=\"widget\" data-e-type=\"widget\" data-widget_type=\"text-editor.default\">\n\t\t\t\t<div class=\"elementor-widget-container\">\n\t\t\t\t\t\t\t\t\t<p>18\u00a0 janvier 2023<\/p>\t\t\t\t\t\t\t\t<\/div>\n\t\t\t\t<\/div>\n\t\t\t\t<div class=\"elementor-element elementor-element-8413025 elementor-widget elementor-widget-text-editor\" data-id=\"8413025\" data-element_type=\"widget\" data-e-type=\"widget\" data-widget_type=\"text-editor.default\">\n\t\t\t\t<div class=\"elementor-widget-container\">\n\t\t\t\t\t\t\t\t\t<p><strong>La Maison de l\u2019Architecture de Bourgogne<\/strong> a organis\u00e9 une table-ronde en marge de l&rsquo;exposition \u00ab\u00a0Architectures bois au quotidien\u00a0\u00bb au Consortium Museum de Dijon. Cet \u00e9v\u00e9nement a mis en avant les innovations dans le domaine de l&rsquo;architecture en bois, avec les interventions de professionnels.\u00a0<\/p>\t\t\t\t\t\t\t\t<\/div>\n\t\t\t\t<\/div>\n\t\t\t\t<div class=\"elementor-element elementor-element-68fdee3 elementor-widget elementor-widget-image\" data-id=\"68fdee3\" data-element_type=\"widget\" data-e-type=\"widget\" data-widget_type=\"image.default\">\n\t\t\t\t<div class=\"elementor-widget-container\">\n\t\t\t\t\t\t\t\t\t\t\t\t\t\t\t<img fetchpriority=\"high\" decoding=\"async\" width=\"700\" height=\"500\" src=\"https:\/\/topoieinstudio.fr\/wp-content\/uploads\/2024\/07\/Vignette-Table-Ronde.jpg\" class=\"attachment-full size-full wp-image-5550\" alt=\"\" srcset=\"https:\/\/topoieinstudio.fr\/wp-content\/uploads\/2024\/07\/Vignette-Table-Ronde.jpg 700w, https:\/\/topoieinstudio.fr\/wp-content\/uploads\/2024\/07\/Vignette-Table-Ronde-300x214.jpg 300w\" sizes=\"(max-width: 700px) 100vw, 700px\" \/>\t\t\t\t\t\t\t\t\t\t\t\t\t\t\t<\/div>\n\t\t\t\t<\/div>\n\t\t\t\t<div class=\"elementor-element elementor-element-9c88c6e elementor-widget elementor-widget-text-editor\" data-id=\"9c88c6e\" data-element_type=\"widget\" data-e-type=\"widget\" data-widget_type=\"text-editor.default\">\n\t\t\t\t<div class=\"elementor-widget-container\">\n\t\t\t\t\t\t\t\t\t<p>Cuverie Rousseau, Gevrey-Chambertin. Atelier Z\u00e9ro Carbone Architectes. Photo : Nicolas Trouillard.<\/p>\t\t\t\t\t\t\t\t<\/div>\n\t\t\t\t<\/div>\n\t\t\t\t<div class=\"elementor-element elementor-element-3876a19 elementor-widget elementor-widget-text-editor\" data-id=\"3876a19\" data-element_type=\"widget\" data-e-type=\"widget\" data-widget_type=\"text-editor.default\">\n\t\t\t\t<div class=\"elementor-widget-container\">\n\t\t\t\t\t\t\t\t\t<p>L&rsquo;exposition et les conf\u00e9rences ont permis de d\u00e9montrer l&rsquo;importance accord\u00e9e par les architectes \u00e0 l&rsquo;utilisation du bois. Les participants ont partag\u00e9 avec le public leurs pr\u00e9occupations et ont pr\u00e9sent\u00e9 leurs projets tout en proposant des manifestes et des plaidoyers pour l&rsquo;avenir de l&rsquo;architecture bois.<\/p><p>Comme chacun le sait, l&rsquo;utilisation du bois dans la construction r\u00e9pond \u00e0 des enjeux contemporains, notamment le confort, l&rsquo;efficacit\u00e9 \u00e9nerg\u00e9tique et la lutte contre les \u00e9missions de gaz \u00e0 effet de serre gr\u00e2ce au stockage du carbone.<\/p><p><strong>Jean-Marc Pauget<\/strong>, architecte expert en bois du CNDB, a coanim\u00e9 cette table-ronde aux c\u00f4t\u00e9s de deux architectes bourguignons qui ont pr\u00e9sent\u00e9 plusieurs de leurs r\u00e9alisations. <strong>Marine Jacques-Leflaive<\/strong>, de l&rsquo;Atelier Z\u00e9ro Carbone Architectes, a notamment expos\u00e9 la cuverie Rousseau r\u00e9alis\u00e9e \u00e0 Gevrey-Chambertin. <strong>Pierre-Etienne James<\/strong>, de Topo\u00efein Studio, a quant \u00e0 lui pr\u00e9sent\u00e9 une maison de ville \u00e0 Dijon ainsi qu&rsquo;un \u00e9quipement fluvial de loisirs \u00e0 Saint-Jean-de-Losne.<\/p><p><span style=\"font-style: inherit; font-weight: inherit; text-align: var(--text-align); background-color: var(--ast-global-color-5);\">Pour en savoir plus les actions de La Maison de l&rsquo;Architecture de Bourgogne : <\/span><a style=\"font-style: inherit; font-weight: inherit; text-align: var(--text-align);\" href=\"https:\/\/www.ma-b.fr\/page\/1951072-evenements-inscript\">Ev\u00e9nements+inscript | MAB &#8211; Maison de l&rsquo;Architecture de Bourgogne (ma-b.fr)<\/a><\/p>\t\t\t\t\t\t\t\t<\/div>\n\t\t\t\t<\/div>\n\t\t\t\t<div class=\"elementor-element elementor-element-1f55036 elementor-align-right elementor-mobile-align-left elementor-widget elementor-widget-button\" data-id=\"1f55036\" data-element_type=\"widget\" data-e-type=\"widget\" data-widget_type=\"button.default\">\n\t\t\t\t<div class=\"elementor-widget-container\">\n\t\t\t\t\t\t\t\t\t<div class=\"elementor-button-wrapper\">\n\t\t\t\t\t<a class=\"elementor-button elementor-button-link elementor-size-sm elementor-animation-wobble-horizontal\" href=\"https:\/\/topoieinstudio.fr\/index.php\/actualites\/\">\n\t\t\t\t\t\t<span class=\"elementor-button-content-wrapper\">\n\t\t\t\t\t\t\t\t\t<span class=\"elementor-button-text\">Retour aux actualit\u00e9s<\/span>\n\t\t\t\t\t<\/span>\n\t\t\t\t\t<\/a>\n\t\t\t\t<\/div>\n\t\t\t\t\t\t\t\t<\/div>\n\t\t\t\t<\/div>\n\t\t\t\t<div class=\"elementor-element elementor-element-deb08cf elementor-widget elementor-widget-spacer\" data-id=\"deb08cf\" data-element_type=\"widget\" data-e-type=\"widget\" data-widget_type=\"spacer.default\">\n\t\t\t\t<div class=\"elementor-widget-container\">\n\t\t\t\t\t\t\t<div class=\"elementor-spacer\">\n\t\t\t<div class=\"elementor-spacer-inner\"><\/div>\n\t\t<\/div>\n\t\t\t\t\t\t<\/div>\n\t\t\t\t<\/div>\n\t\t\t\t\t<\/div>\n\t\t\t\t<\/div>\n\t\t<div class=\"elementor-element elementor-element-ddcb79b e-flex e-con-boxed wpr-particle-no wpr-jarallax-no wpr-parallax-no wpr-sticky-section-no wpr-equal-height-no e-con e-parent\" data-id=\"ddcb79b\" data-element_type=\"container\" data-e-type=\"container\">\n\t\t\t\t\t<div class=\"e-con-inner\">\n\t\t\t\t<div class=\"elementor-element elementor-element-fa3f360 elementor-widget elementor-widget-spacer\" data-id=\"fa3f360\" data-element_type=\"widget\" data-e-type=\"widget\" data-widget_type=\"spacer.default\">\n\t\t\t\t<div class=\"elementor-widget-container\">\n\t\t\t\t\t\t\t<div class=\"elementor-spacer\">\n\t\t\t<div class=\"elementor-spacer-inner\"><\/div>\n\t\t<\/div>\n\t\t\t\t\t\t<\/div>\n\t\t\t\t<\/div>\n\t\t\t\t\t<\/div>\n\t\t\t\t<\/div>\n\t\t\t\t<\/div>\n\t\t","protected":false},"excerpt":{"rendered":"<p>La Maison de l\u2019Architecture de Bourgogne a organis\u00e9 une table-ronde au Consortium Museum de Dijon, avec les interventions de Pierre-Etienne James, Jean-Marc Pauget et Marine Jacques-Leflaive.<\/p>\n","protected":false},"author":1,"featured_media":5550,"comment_status":"open","ping_status":"open","sticky":false,"template":"elementor_header_footer","format":"standard","meta":{"_monsterinsights_skip_tracking":false,"_monsterinsights_sitenote_active":false,"_monsterinsights_sitenote_note":"","_monsterinsights_sitenote_category":0,"site-sidebar-layout":"default","site-content-layout":"","ast-site-content-layout":"default","site-content-style":"default","site-sidebar-style":"default","ast-global-header-display":"","ast-banner-title-visibility":"","ast-main-header-display":"","ast-hfb-above-header-display":"","ast-hfb-below-header-display":"","ast-hfb-mobile-header-display":"","site-post-title":"","ast-breadcrumbs-content":"","ast-featured-img":"","footer-sml-layout":"","ast-disable-related-posts":"","theme-transparent-header-meta":"","adv-header-id-meta":"","stick-header-meta":"","header-above-stick-meta":"","header-main-stick-meta":"","header-below-stick-meta":"","astra-migrate-meta-layouts":"default","ast-page-background-enabled":"default","ast-page-background-meta":{"desktop":{"background-color":"var(--ast-global-color-4)","background-image":"","background-repeat":"repeat","background-position":"center center","background-size":"auto","background-attachment":"scroll","background-type":"","background-media":"","overlay-type":"","overlay-color":"","overlay-opacity":"","overlay-gradient":""},"tablet":{"background-color":"","background-image":"","background-repeat":"repeat","background-position":"center center","background-size":"auto","background-attachment":"scroll","background-type":"","background-media":"","overlay-type":"","overlay-color":"","overlay-opacity":"","overlay-gradient":""},"mobile":{"background-color":"","background-image":"","background-repeat":"repeat","background-position":"center center","background-size":"auto","background-attachment":"scroll","background-type":"","background-media":"","overlay-type":"","overlay-color":"","overlay-opacity":"","overlay-gradient":""}},"ast-content-background-meta":{"desktop":{"background-color":"var(--ast-global-color-5)","background-image":"","background-repeat":"repeat","background-position":"center center","background-size":"auto","background-attachment":"scroll","background-type":"","background-media":"","overlay-type":"","overlay-color":"","overlay-opacity":"","overlay-gradient":""},"tablet":{"background-color":"var(--ast-global-color-5)","background-image":"","background-repeat":"repeat","background-position":"center center","background-size":"auto","background-attachment":"scroll","background-type":"","background-media":"","overlay-type":"","overlay-color":"","overlay-opacity":"","overlay-gradient":""},"mobile":{"background-color":"var(--ast-global-color-5)","background-image":"","background-repeat":"repeat","background-position":"center center","background-size":"auto","background-attachment":"scroll","background-type":"","background-media":"","overlay-type":"","overlay-color":"","overlay-opacity":"","overlay-gradient":""}},"footnotes":""},"categories":[1],"tags":[],"class_list":["post-7648","post","type-post","status-publish","format-standard","has-post-thumbnail","hentry","category-non-classe"],"yoast_head":"<!-- This site is optimized with the Yoast SEO plugin v27.5 - https:\/\/yoast.com\/product\/yoast-seo-wordpress\/ -->\n<title>Conf\u00e9rence table-ronde &quot;Architectures bois au quotidien&quot;#3 : \u00e0 la rencontre des architectes - Topoiein Studio<\/title>\n<meta name=\"description\" content=\"La Maison de l\u2019Architecture de Bourgogne a organis\u00e9 une table-ronde au Consortium Museum de Dijon, avec les interventions de Pierre-Etienne James, Jean-Marc Pauget et Marine Jacques-Leflaive.\" \/>\n<meta name=\"robots\" content=\"index, follow, max-snippet:-1, max-image-preview:large, max-video-preview:-1\" \/>\n<link rel=\"canonical\" href=\"https:\/\/topoieinstudio.fr\/index.php\/2023\/01\/18\/conference-table-ronde-architectures-bois-au-quotidien3-a-la-rencontre-des-architectes\/\" \/>\n<meta property=\"og:locale\" content=\"fr_FR\" \/>\n<meta property=\"og:type\" content=\"article\" \/>\n<meta property=\"og:title\" content=\"Conf\u00e9rence table-ronde &quot;Architectures bois au quotidien&quot;#3 : \u00e0 la rencontre des architectes - Topoiein Studio\" \/>\n<meta property=\"og:description\" content=\"La Maison de l\u2019Architecture de Bourgogne a organis\u00e9 une table-ronde au Consortium Museum de Dijon, avec les interventions de Pierre-Etienne James, Jean-Marc Pauget et Marine Jacques-Leflaive.\" \/>\n<meta property=\"og:url\" content=\"https:\/\/topoieinstudio.fr\/index.php\/2023\/01\/18\/conference-table-ronde-architectures-bois-au-quotidien3-a-la-rencontre-des-architectes\/\" \/>\n<meta property=\"og:site_name\" content=\"Topoiein Studio\" \/>\n<meta property=\"article:published_time\" content=\"2023-01-18T10:12:00+00:00\" \/>\n<meta property=\"article:modified_time\" content=\"2024-08-26T14:07:26+00:00\" \/>\n<meta property=\"og:image\" content=\"https:\/\/topoieinstudio.fr\/wp-content\/uploads\/2024\/07\/Vignette-Table-Ronde.jpg\" \/>\n\t<meta property=\"og:image:width\" content=\"700\" \/>\n\t<meta property=\"og:image:height\" content=\"500\" \/>\n\t<meta property=\"og:image:type\" content=\"image\/jpeg\" \/>\n<meta name=\"author\" content=\"admin2370\" \/>\n<meta name=\"twitter:card\" content=\"summary_large_image\" \/>\n<meta name=\"twitter:label1\" content=\"\u00c9crit par\" \/>\n\t<meta name=\"twitter:data1\" content=\"admin2370\" \/>\n\t<meta name=\"twitter:label2\" content=\"Dur\u00e9e de lecture estim\u00e9e\" \/>\n\t<meta name=\"twitter:data2\" content=\"2 minutes\" \/>\n<script type=\"application\/ld+json\" class=\"yoast-schema-graph\">{\"@context\":\"https:\\\/\\\/schema.org\",\"@graph\":[{\"@type\":\"Article\",\"@id\":\"https:\\\/\\\/topoieinstudio.fr\\\/index.php\\\/2023\\\/01\\\/18\\\/conference-table-ronde-architectures-bois-au-quotidien3-a-la-rencontre-des-architectes\\\/#article\",\"isPartOf\":{\"@id\":\"https:\\\/\\\/topoieinstudio.fr\\\/index.php\\\/2023\\\/01\\\/18\\\/conference-table-ronde-architectures-bois-au-quotidien3-a-la-rencontre-des-architectes\\\/\"},\"author\":{\"name\":\"admin2370\",\"@id\":\"https:\\\/\\\/topoieinstudio.fr\\\/#\\\/schema\\\/person\\\/e91cfac58feccac913434c2494900a26\"},\"headline\":\"Conf\u00e9rence table-ronde \u00ab\u00a0Architectures bois au quotidien\u00a0\u00bb#3 : \u00e0 la rencontre des architectes\",\"datePublished\":\"2023-01-18T10:12:00+00:00\",\"dateModified\":\"2024-08-26T14:07:26+00:00\",\"mainEntityOfPage\":{\"@id\":\"https:\\\/\\\/topoieinstudio.fr\\\/index.php\\\/2023\\\/01\\\/18\\\/conference-table-ronde-architectures-bois-au-quotidien3-a-la-rencontre-des-architectes\\\/\"},\"wordCount\":264,\"commentCount\":0,\"publisher\":{\"@id\":\"https:\\\/\\\/topoieinstudio.fr\\\/#organization\"},\"image\":{\"@id\":\"https:\\\/\\\/topoieinstudio.fr\\\/index.php\\\/2023\\\/01\\\/18\\\/conference-table-ronde-architectures-bois-au-quotidien3-a-la-rencontre-des-architectes\\\/#primaryimage\"},\"thumbnailUrl\":\"https:\\\/\\\/topoieinstudio.fr\\\/wp-content\\\/uploads\\\/2024\\\/07\\\/Vignette-Table-Ronde.jpg\",\"inLanguage\":\"fr-FR\",\"potentialAction\":[{\"@type\":\"CommentAction\",\"name\":\"Comment\",\"target\":[\"https:\\\/\\\/topoieinstudio.fr\\\/index.php\\\/2023\\\/01\\\/18\\\/conference-table-ronde-architectures-bois-au-quotidien3-a-la-rencontre-des-architectes\\\/#respond\"]}]},{\"@type\":\"WebPage\",\"@id\":\"https:\\\/\\\/topoieinstudio.fr\\\/index.php\\\/2023\\\/01\\\/18\\\/conference-table-ronde-architectures-bois-au-quotidien3-a-la-rencontre-des-architectes\\\/\",\"url\":\"https:\\\/\\\/topoieinstudio.fr\\\/index.php\\\/2023\\\/01\\\/18\\\/conference-table-ronde-architectures-bois-au-quotidien3-a-la-rencontre-des-architectes\\\/\",\"name\":\"Conf\u00e9rence table-ronde \\\"Architectures bois au quotidien\\\"#3 : \u00e0 la rencontre des architectes - Topoiein Studio\",\"isPartOf\":{\"@id\":\"https:\\\/\\\/topoieinstudio.fr\\\/#website\"},\"primaryImageOfPage\":{\"@id\":\"https:\\\/\\\/topoieinstudio.fr\\\/index.php\\\/2023\\\/01\\\/18\\\/conference-table-ronde-architectures-bois-au-quotidien3-a-la-rencontre-des-architectes\\\/#primaryimage\"},\"image\":{\"@id\":\"https:\\\/\\\/topoieinstudio.fr\\\/index.php\\\/2023\\\/01\\\/18\\\/conference-table-ronde-architectures-bois-au-quotidien3-a-la-rencontre-des-architectes\\\/#primaryimage\"},\"thumbnailUrl\":\"https:\\\/\\\/topoieinstudio.fr\\\/wp-content\\\/uploads\\\/2024\\\/07\\\/Vignette-Table-Ronde.jpg\",\"datePublished\":\"2023-01-18T10:12:00+00:00\",\"dateModified\":\"2024-08-26T14:07:26+00:00\",\"description\":\"La Maison de l\u2019Architecture de Bourgogne a organis\u00e9 une table-ronde au Consortium Museum de Dijon, avec les interventions de Pierre-Etienne James, Jean-Marc Pauget et Marine Jacques-Leflaive.\",\"breadcrumb\":{\"@id\":\"https:\\\/\\\/topoieinstudio.fr\\\/index.php\\\/2023\\\/01\\\/18\\\/conference-table-ronde-architectures-bois-au-quotidien3-a-la-rencontre-des-architectes\\\/#breadcrumb\"},\"inLanguage\":\"fr-FR\",\"potentialAction\":[{\"@type\":\"ReadAction\",\"target\":[\"https:\\\/\\\/topoieinstudio.fr\\\/index.php\\\/2023\\\/01\\\/18\\\/conference-table-ronde-architectures-bois-au-quotidien3-a-la-rencontre-des-architectes\\\/\"]}]},{\"@type\":\"ImageObject\",\"inLanguage\":\"fr-FR\",\"@id\":\"https:\\\/\\\/topoieinstudio.fr\\\/index.php\\\/2023\\\/01\\\/18\\\/conference-table-ronde-architectures-bois-au-quotidien3-a-la-rencontre-des-architectes\\\/#primaryimage\",\"url\":\"https:\\\/\\\/topoieinstudio.fr\\\/wp-content\\\/uploads\\\/2024\\\/07\\\/Vignette-Table-Ronde.jpg\",\"contentUrl\":\"https:\\\/\\\/topoieinstudio.fr\\\/wp-content\\\/uploads\\\/2024\\\/07\\\/Vignette-Table-Ronde.jpg\",\"width\":700,\"height\":500},{\"@type\":\"BreadcrumbList\",\"@id\":\"https:\\\/\\\/topoieinstudio.fr\\\/index.php\\\/2023\\\/01\\\/18\\\/conference-table-ronde-architectures-bois-au-quotidien3-a-la-rencontre-des-architectes\\\/#breadcrumb\",\"itemListElement\":[{\"@type\":\"ListItem\",\"position\":1,\"name\":\"Accueil\",\"item\":\"https:\\\/\\\/topoieinstudio.fr\\\/\"},{\"@type\":\"ListItem\",\"position\":2,\"name\":\"Conf\u00e9rence table-ronde &#8220;Architectures bois au quotidien&#8221;#3 : \u00e0 la rencontre des architectes\"}]},{\"@type\":\"WebSite\",\"@id\":\"https:\\\/\\\/topoieinstudio.fr\\\/#website\",\"url\":\"https:\\\/\\\/topoieinstudio.fr\\\/\",\"name\":\"Topoiein Studio\",\"description\":\"\",\"publisher\":{\"@id\":\"https:\\\/\\\/topoieinstudio.fr\\\/#organization\"},\"potentialAction\":[{\"@type\":\"SearchAction\",\"target\":{\"@type\":\"EntryPoint\",\"urlTemplate\":\"https:\\\/\\\/topoieinstudio.fr\\\/?s={search_term_string}\"},\"query-input\":{\"@type\":\"PropertyValueSpecification\",\"valueRequired\":true,\"valueName\":\"search_term_string\"}}],\"inLanguage\":\"fr-FR\"},{\"@type\":\"Organization\",\"@id\":\"https:\\\/\\\/topoieinstudio.fr\\\/#organization\",\"name\":\"Topoiein Studio\",\"url\":\"https:\\\/\\\/topoieinstudio.fr\\\/\",\"logo\":{\"@type\":\"ImageObject\",\"inLanguage\":\"fr-FR\",\"@id\":\"https:\\\/\\\/topoieinstudio.fr\\\/#\\\/schema\\\/logo\\\/image\\\/\",\"url\":\"https:\\\/\\\/topoieinstudio.fr\\\/wp-content\\\/uploads\\\/2024\\\/05\\\/Logo-sans-signature.svg\",\"contentUrl\":\"https:\\\/\\\/topoieinstudio.fr\\\/wp-content\\\/uploads\\\/2024\\\/05\\\/Logo-sans-signature.svg\",\"width\":305,\"height\":215,\"caption\":\"Topoiein Studio\"},\"image\":{\"@id\":\"https:\\\/\\\/topoieinstudio.fr\\\/#\\\/schema\\\/logo\\\/image\\\/\"}},{\"@type\":\"Person\",\"@id\":\"https:\\\/\\\/topoieinstudio.fr\\\/#\\\/schema\\\/person\\\/e91cfac58feccac913434c2494900a26\",\"name\":\"admin2370\",\"image\":{\"@type\":\"ImageObject\",\"inLanguage\":\"fr-FR\",\"@id\":\"https:\\\/\\\/secure.gravatar.com\\\/avatar\\\/8d444c2d98969ceabe1d35df0e677d096c7acf354c3b83bfde3e94e8dea5208d?s=96&d=mm&r=g\",\"url\":\"https:\\\/\\\/secure.gravatar.com\\\/avatar\\\/8d444c2d98969ceabe1d35df0e677d096c7acf354c3b83bfde3e94e8dea5208d?s=96&d=mm&r=g\",\"contentUrl\":\"https:\\\/\\\/secure.gravatar.com\\\/avatar\\\/8d444c2d98969ceabe1d35df0e677d096c7acf354c3b83bfde3e94e8dea5208d?s=96&d=mm&r=g\",\"caption\":\"admin2370\"},\"sameAs\":[\"http:\\\/\\\/topoieinstudio.fr\"],\"url\":\"https:\\\/\\\/topoieinstudio.fr\\\/index.php\\\/author\\\/admin2370\\\/\"}]}<\/script>\n<!-- \/ Yoast SEO plugin. -->","yoast_head_json":{"title":"Conf\u00e9rence table-ronde \"Architectures bois au quotidien\"#3 : \u00e0 la rencontre des architectes - Topoiein Studio","description":"La Maison de l\u2019Architecture de Bourgogne a organis\u00e9 une table-ronde au Consortium Museum de Dijon, avec les interventions de Pierre-Etienne James, Jean-Marc Pauget et Marine Jacques-Leflaive.","robots":{"index":"index","follow":"follow","max-snippet":"max-snippet:-1","max-image-preview":"max-image-preview:large","max-video-preview":"max-video-preview:-1"},"canonical":"https:\/\/topoieinstudio.fr\/index.php\/2023\/01\/18\/conference-table-ronde-architectures-bois-au-quotidien3-a-la-rencontre-des-architectes\/","og_locale":"fr_FR","og_type":"article","og_title":"Conf\u00e9rence table-ronde \"Architectures bois au quotidien\"#3 : \u00e0 la rencontre des architectes - Topoiein Studio","og_description":"La Maison de l\u2019Architecture de Bourgogne a organis\u00e9 une table-ronde au Consortium Museum de Dijon, avec les interventions de Pierre-Etienne James, Jean-Marc Pauget et Marine Jacques-Leflaive.","og_url":"https:\/\/topoieinstudio.fr\/index.php\/2023\/01\/18\/conference-table-ronde-architectures-bois-au-quotidien3-a-la-rencontre-des-architectes\/","og_site_name":"Topoiein Studio","article_published_time":"2023-01-18T10:12:00+00:00","article_modified_time":"2024-08-26T14:07:26+00:00","og_image":[{"width":700,"height":500,"url":"https:\/\/topoieinstudio.fr\/wp-content\/uploads\/2024\/07\/Vignette-Table-Ronde.jpg","type":"image\/jpeg"}],"author":"admin2370","twitter_card":"summary_large_image","twitter_misc":{"\u00c9crit par":"admin2370","Dur\u00e9e de lecture estim\u00e9e":"2 minutes"},"schema":{"@context":"https:\/\/schema.org","@graph":[{"@type":"Article","@id":"https:\/\/topoieinstudio.fr\/index.php\/2023\/01\/18\/conference-table-ronde-architectures-bois-au-quotidien3-a-la-rencontre-des-architectes\/#article","isPartOf":{"@id":"https:\/\/topoieinstudio.fr\/index.php\/2023\/01\/18\/conference-table-ronde-architectures-bois-au-quotidien3-a-la-rencontre-des-architectes\/"},"author":{"name":"admin2370","@id":"https:\/\/topoieinstudio.fr\/#\/schema\/person\/e91cfac58feccac913434c2494900a26"},"headline":"Conf\u00e9rence table-ronde \u00ab\u00a0Architectures bois au quotidien\u00a0\u00bb#3 : \u00e0 la rencontre des architectes","datePublished":"2023-01-18T10:12:00+00:00","dateModified":"2024-08-26T14:07:26+00:00","mainEntityOfPage":{"@id":"https:\/\/topoieinstudio.fr\/index.php\/2023\/01\/18\/conference-table-ronde-architectures-bois-au-quotidien3-a-la-rencontre-des-architectes\/"},"wordCount":264,"commentCount":0,"publisher":{"@id":"https:\/\/topoieinstudio.fr\/#organization"},"image":{"@id":"https:\/\/topoieinstudio.fr\/index.php\/2023\/01\/18\/conference-table-ronde-architectures-bois-au-quotidien3-a-la-rencontre-des-architectes\/#primaryimage"},"thumbnailUrl":"https:\/\/topoieinstudio.fr\/wp-content\/uploads\/2024\/07\/Vignette-Table-Ronde.jpg","inLanguage":"fr-FR","potentialAction":[{"@type":"CommentAction","name":"Comment","target":["https:\/\/topoieinstudio.fr\/index.php\/2023\/01\/18\/conference-table-ronde-architectures-bois-au-quotidien3-a-la-rencontre-des-architectes\/#respond"]}]},{"@type":"WebPage","@id":"https:\/\/topoieinstudio.fr\/index.php\/2023\/01\/18\/conference-table-ronde-architectures-bois-au-quotidien3-a-la-rencontre-des-architectes\/","url":"https:\/\/topoieinstudio.fr\/index.php\/2023\/01\/18\/conference-table-ronde-architectures-bois-au-quotidien3-a-la-rencontre-des-architectes\/","name":"Conf\u00e9rence table-ronde \"Architectures bois au quotidien\"#3 : \u00e0 la rencontre des architectes - Topoiein Studio","isPartOf":{"@id":"https:\/\/topoieinstudio.fr\/#website"},"primaryImageOfPage":{"@id":"https:\/\/topoieinstudio.fr\/index.php\/2023\/01\/18\/conference-table-ronde-architectures-bois-au-quotidien3-a-la-rencontre-des-architectes\/#primaryimage"},"image":{"@id":"https:\/\/topoieinstudio.fr\/index.php\/2023\/01\/18\/conference-table-ronde-architectures-bois-au-quotidien3-a-la-rencontre-des-architectes\/#primaryimage"},"thumbnailUrl":"https:\/\/topoieinstudio.fr\/wp-content\/uploads\/2024\/07\/Vignette-Table-Ronde.jpg","datePublished":"2023-01-18T10:12:00+00:00","dateModified":"2024-08-26T14:07:26+00:00","description":"La Maison de l\u2019Architecture de Bourgogne a organis\u00e9 une table-ronde au Consortium Museum de Dijon, avec les interventions de Pierre-Etienne James, Jean-Marc Pauget et Marine Jacques-Leflaive.","breadcrumb":{"@id":"https:\/\/topoieinstudio.fr\/index.php\/2023\/01\/18\/conference-table-ronde-architectures-bois-au-quotidien3-a-la-rencontre-des-architectes\/#breadcrumb"},"inLanguage":"fr-FR","potentialAction":[{"@type":"ReadAction","target":["https:\/\/topoieinstudio.fr\/index.php\/2023\/01\/18\/conference-table-ronde-architectures-bois-au-quotidien3-a-la-rencontre-des-architectes\/"]}]},{"@type":"ImageObject","inLanguage":"fr-FR","@id":"https:\/\/topoieinstudio.fr\/index.php\/2023\/01\/18\/conference-table-ronde-architectures-bois-au-quotidien3-a-la-rencontre-des-architectes\/#primaryimage","url":"https:\/\/topoieinstudio.fr\/wp-content\/uploads\/2024\/07\/Vignette-Table-Ronde.jpg","contentUrl":"https:\/\/topoieinstudio.fr\/wp-content\/uploads\/2024\/07\/Vignette-Table-Ronde.jpg","width":700,"height":500},{"@type":"BreadcrumbList","@id":"https:\/\/topoieinstudio.fr\/index.php\/2023\/01\/18\/conference-table-ronde-architectures-bois-au-quotidien3-a-la-rencontre-des-architectes\/#breadcrumb","itemListElement":[{"@type":"ListItem","position":1,"name":"Accueil","item":"https:\/\/topoieinstudio.fr\/"},{"@type":"ListItem","position":2,"name":"Conf\u00e9rence table-ronde &#8220;Architectures bois au quotidien&#8221;#3 : \u00e0 la rencontre des architectes"}]},{"@type":"WebSite","@id":"https:\/\/topoieinstudio.fr\/#website","url":"https:\/\/topoieinstudio.fr\/","name":"Topoiein Studio","description":"","publisher":{"@id":"https:\/\/topoieinstudio.fr\/#organization"},"potentialAction":[{"@type":"SearchAction","target":{"@type":"EntryPoint","urlTemplate":"https:\/\/topoieinstudio.fr\/?s={search_term_string}"},"query-input":{"@type":"PropertyValueSpecification","valueRequired":true,"valueName":"search_term_string"}}],"inLanguage":"fr-FR"},{"@type":"Organization","@id":"https:\/\/topoieinstudio.fr\/#organization","name":"Topoiein Studio","url":"https:\/\/topoieinstudio.fr\/","logo":{"@type":"ImageObject","inLanguage":"fr-FR","@id":"https:\/\/topoieinstudio.fr\/#\/schema\/logo\/image\/","url":"https:\/\/topoieinstudio.fr\/wp-content\/uploads\/2024\/05\/Logo-sans-signature.svg","contentUrl":"https:\/\/topoieinstudio.fr\/wp-content\/uploads\/2024\/05\/Logo-sans-signature.svg","width":305,"height":215,"caption":"Topoiein Studio"},"image":{"@id":"https:\/\/topoieinstudio.fr\/#\/schema\/logo\/image\/"}},{"@type":"Person","@id":"https:\/\/topoieinstudio.fr\/#\/schema\/person\/e91cfac58feccac913434c2494900a26","name":"admin2370","image":{"@type":"ImageObject","inLanguage":"fr-FR","@id":"https:\/\/secure.gravatar.com\/avatar\/8d444c2d98969ceabe1d35df0e677d096c7acf354c3b83bfde3e94e8dea5208d?s=96&d=mm&r=g","url":"https:\/\/secure.gravatar.com\/avatar\/8d444c2d98969ceabe1d35df0e677d096c7acf354c3b83bfde3e94e8dea5208d?s=96&d=mm&r=g","contentUrl":"https:\/\/secure.gravatar.com\/avatar\/8d444c2d98969ceabe1d35df0e677d096c7acf354c3b83bfde3e94e8dea5208d?s=96&d=mm&r=g","caption":"admin2370"},"sameAs":["http:\/\/topoieinstudio.fr"],"url":"https:\/\/topoieinstudio.fr\/index.php\/author\/admin2370\/"}]}},"_links":{"self":[{"href":"https:\/\/topoieinstudio.fr\/index.php\/wp-json\/wp\/v2\/posts\/7648","targetHints":{"allow":["GET"]}}],"collection":[{"href":"https:\/\/topoieinstudio.fr\/index.php\/wp-json\/wp\/v2\/posts"}],"about":[{"href":"https:\/\/topoieinstudio.fr\/index.php\/wp-json\/wp\/v2\/types\/post"}],"author":[{"embeddable":true,"href":"https:\/\/topoieinstudio.fr\/index.php\/wp-json\/wp\/v2\/users\/1"}],"replies":[{"embeddable":true,"href":"https:\/\/topoieinstudio.fr\/index.php\/wp-json\/wp\/v2\/comments?post=7648"}],"version-history":[{"count":17,"href":"https:\/\/topoieinstudio.fr\/index.php\/wp-json\/wp\/v2\/posts\/7648\/revisions"}],"predecessor-version":[{"id":8369,"href":"https:\/\/topoieinstudio.fr\/index.php\/wp-json\/wp\/v2\/posts\/7648\/revisions\/8369"}],"wp:featuredmedia":[{"embeddable":true,"href":"https:\/\/topoieinstudio.fr\/index.php\/wp-json\/wp\/v2\/media\/5550"}],"wp:attachment":[{"href":"https:\/\/topoieinstudio.fr\/index.php\/wp-json\/wp\/v2\/media?parent=7648"}],"wp:term":[{"taxonomy":"category","embeddable":true,"href":"https:\/\/topoieinstudio.fr\/index.php\/wp-json\/wp\/v2\/categories?post=7648"},{"taxonomy":"post_tag","embeddable":true,"href":"https:\/\/topoieinstudio.fr\/index.php\/wp-json\/wp\/v2\/tags?post=7648"}],"curies":[{"name":"wp","href":"https:\/\/api.w.org\/{rel}","templated":true}]}}