{"id":7583,"date":"2024-06-26T10:01:18","date_gmt":"2024-06-26T08:01:18","guid":{"rendered":"https:\/\/topoieinstudio.fr\/?p=7583"},"modified":"2024-08-27T10:36:09","modified_gmt":"2024-08-27T08:36:09","slug":"le-nouveau-siege-de-la-ligue-de-football-bfc-a-dijon-figure-desormais-dans-le-catalogue-de-forbo","status":"publish","type":"post","link":"https:\/\/topoieinstudio.fr\/index.php\/2024\/06\/26\/le-nouveau-siege-de-la-ligue-de-football-bfc-a-dijon-figure-desormais-dans-le-catalogue-de-forbo\/","title":{"rendered":"Le nouveau si\u00e8ge de la Ligue de Football BFC \u00e0 Dijon, figure d\u00e9sormais dans le catalogue de Forbo."},"content":{"rendered":"\t\t<div data-elementor-type=\"wp-post\" data-elementor-id=\"7583\" class=\"elementor elementor-7583\">\n\t\t\t\t<div class=\"elementor-element elementor-element-e8a66b1 e-flex e-con-boxed wpr-particle-no wpr-jarallax-no wpr-parallax-no wpr-sticky-section-no wpr-equal-height-no elementor-invisible e-con e-parent\" data-id=\"e8a66b1\" data-element_type=\"container\" data-e-type=\"container\" data-settings=\"{&quot;animation&quot;:&quot;fadeIn&quot;}\">\n\t\t\t\t\t<div class=\"e-con-inner\">\n\t\t\t\t<div class=\"elementor-element elementor-element-9171f17 elementor-widget elementor-widget-heading\" data-id=\"9171f17\" data-element_type=\"widget\" data-e-type=\"widget\" data-widget_type=\"heading.default\">\n\t\t\t\t<div class=\"elementor-widget-container\">\n\t\t\t\t\t<h2 class=\"elementor-heading-title elementor-size-default\">Le nouveau si\u00e8ge de la Ligue de Football BFC \u00e0 Dijon, figure d\u00e9sormais dans le catalogue de Forbo<\/h2>\t\t\t\t<\/div>\n\t\t\t\t<\/div>\n\t\t\t\t<div class=\"elementor-element elementor-element-81c0c7f elementor-widget elementor-widget-text-editor\" data-id=\"81c0c7f\" data-element_type=\"widget\" data-e-type=\"widget\" data-widget_type=\"text-editor.default\">\n\t\t\t\t<div class=\"elementor-widget-container\">\n\t\t\t\t\t\t\t\t\t<p>26 juin 2024<\/p>\t\t\t\t\t\t\t\t<\/div>\n\t\t\t\t<\/div>\n\t\t\t\t<div class=\"elementor-element elementor-element-f42805c elementor-widget elementor-widget-text-editor\" data-id=\"f42805c\" data-element_type=\"widget\" data-e-type=\"widget\" data-widget_type=\"text-editor.default\">\n\t\t\t\t<div class=\"elementor-widget-container\">\n\t\t\t\t\t\t\t\t\t<p>Le b\u00e2timent des Poussots, le nouveau si\u00e8ge de la Ligue de Football Bourgogne-Franche-Comt\u00e9 \u00e0 Dijon, figure d\u00e9sormais dans le catalogue de <strong>Forbo, acteur international majeur du rev\u00eatement de sol souple.\u00a0<\/strong><\/p><p>Lanc\u00e9 en 2017, ce projet vise \u00e0 offrir un lieu d\u00e9di\u00e9 non seulement \u00e0 la gestion administrative de la ligue, mais aussi \u00e0 la formation et au d\u00e9veloppement des activit\u00e9s sportives.\u00a0<\/p>\t\t\t\t\t\t\t\t<\/div>\n\t\t\t\t<\/div>\n\t\t\t\t<div class=\"elementor-element elementor-element-6c759e3 elementor-widget elementor-widget-qi_addons_for_elementor_image_slider\" data-id=\"6c759e3\" data-element_type=\"widget\" data-e-type=\"widget\" data-widget_type=\"qi_addons_for_elementor_image_slider.default\">\n\t\t\t\t<div class=\"elementor-widget-container\">\n\t\t\t\t\t<div class=\"qodef-shortcode qodef-m qodef-qi-image-slider qodef-qi-fslightbox-popup qodef-popup-gallery qodef-col-num--1 qodef-qi-grid qodef-qi-swiper-container qodef-navigation--outside qodef-pagination--outside qodef-navigation--hover-move\" data-options=\"{&quot;direction&quot;:&quot;horizontal&quot;,&quot;slidesPerView&quot;:&quot;1&quot;,&quot;spaceBetween&quot;:30,&quot;spaceBetweenTablet&quot;:30,&quot;spaceBetweenMobile&quot;:30,&quot;effect&quot;:&quot;slide&quot;,&quot;loop&quot;:true,&quot;autoplay&quot;:true,&quot;centeredSlides&quot;:false,&quot;speed&quot;:&quot;&quot;,&quot;speedAnimation&quot;:&quot;&quot;,&quot;outsideNavigation&quot;:&quot;yes&quot;,&quot;outsidePagination&quot;:&quot;yes&quot;,&quot;unique&quot;:569,&quot;partialValue&quot;:0,&quot;disablePartialValue&quot;:&quot;&quot;,&quot;parallax&quot;:&quot;no&quot;}\">\n\t<div class=\"swiper-wrapper\">\n\t\t<div class=\"qodef-e swiper-slide\">\n\t<div class=\"qodef-e-inner\">\n\t\t<div class=\"qodef-e-inner-holder\">\n\t\t\t\t\t\t\t<a class=\"qodef-popup-item\" itemprop=\"image\" href=\"https:\/\/topoieinstudio.fr\/wp-content\/uploads\/2024\/06\/ligue5.jpg\" data-type=\"image\" data-fslightbox=\"gallery-569\" data-e-disable-page-transition=\u201dtrue\u201d>\n\t\t\t\t\t\t\t<img fetchpriority=\"high\" decoding=\"async\" width=\"965\" height=\"644\" src=\"https:\/\/topoieinstudio.fr\/wp-content\/uploads\/2024\/06\/ligue5.jpg\" class=\"attachment-full size-full\" alt=\"\" srcset=\"https:\/\/topoieinstudio.fr\/wp-content\/uploads\/2024\/06\/ligue5.jpg 965w, https:\/\/topoieinstudio.fr\/wp-content\/uploads\/2024\/06\/ligue5-300x200.jpg 300w, https:\/\/topoieinstudio.fr\/wp-content\/uploads\/2024\/06\/ligue5-768x513.jpg 768w\" sizes=\"(max-width: 965px) 100vw, 965px\" \/>\t\t\t\t\t\t\t<\/a>\n\t\t\t\t\t<\/div>\n\t<\/div>\n\t<\/div>\n<div class=\"qodef-e swiper-slide\">\n\t<div class=\"qodef-e-inner\">\n\t\t<div class=\"qodef-e-inner-holder\">\n\t\t\t\t\t\t\t<a class=\"qodef-popup-item\" itemprop=\"image\" href=\"https:\/\/topoieinstudio.fr\/wp-content\/uploads\/2024\/06\/IMG_2268-1.jpg\" data-type=\"image\" data-fslightbox=\"gallery-569\" data-e-disable-page-transition=\u201dtrue\u201d>\n\t\t\t\t\t\t\t<img decoding=\"async\" width=\"1300\" height=\"975\" src=\"https:\/\/topoieinstudio.fr\/wp-content\/uploads\/2024\/06\/IMG_2268-1.jpg\" class=\"attachment-full size-full\" alt=\"\" srcset=\"https:\/\/topoieinstudio.fr\/wp-content\/uploads\/2024\/06\/IMG_2268-1.jpg 1300w, https:\/\/topoieinstudio.fr\/wp-content\/uploads\/2024\/06\/IMG_2268-1-300x225.jpg 300w, https:\/\/topoieinstudio.fr\/wp-content\/uploads\/2024\/06\/IMG_2268-1-1024x768.jpg 1024w, https:\/\/topoieinstudio.fr\/wp-content\/uploads\/2024\/06\/IMG_2268-1-768x576.jpg 768w\" sizes=\"(max-width: 1300px) 100vw, 1300px\" \/>\t\t\t\t\t\t\t<\/a>\n\t\t\t\t\t<\/div>\n\t<\/div>\n\t<\/div>\n<div class=\"qodef-e swiper-slide\">\n\t<div class=\"qodef-e-inner\">\n\t\t<div class=\"qodef-e-inner-holder\">\n\t\t\t\t\t\t\t<a class=\"qodef-popup-item\" itemprop=\"image\" href=\"https:\/\/topoieinstudio.fr\/wp-content\/uploads\/2024\/06\/IMG_2831.jpg\" data-type=\"image\" data-fslightbox=\"gallery-569\" data-e-disable-page-transition=\u201dtrue\u201d>\n\t\t\t\t\t\t\t<img decoding=\"async\" width=\"1300\" height=\"834\" src=\"https:\/\/topoieinstudio.fr\/wp-content\/uploads\/2024\/06\/IMG_2831.jpg\" class=\"attachment-full size-full\" alt=\"\" srcset=\"https:\/\/topoieinstudio.fr\/wp-content\/uploads\/2024\/06\/IMG_2831.jpg 1300w, https:\/\/topoieinstudio.fr\/wp-content\/uploads\/2024\/06\/IMG_2831-300x192.jpg 300w, https:\/\/topoieinstudio.fr\/wp-content\/uploads\/2024\/06\/IMG_2831-1024x657.jpg 1024w, https:\/\/topoieinstudio.fr\/wp-content\/uploads\/2024\/06\/IMG_2831-768x493.jpg 768w\" sizes=\"(max-width: 1300px) 100vw, 1300px\" \/>\t\t\t\t\t\t\t<\/a>\n\t\t\t\t\t<\/div>\n\t<\/div>\n\t<\/div>\n\t<\/div>\n\t<\/div>\n\t\t<div class=\"swiper-button-prev swiper-button-outside swiper-button-prev-569\"><svg class=\"qodef-swiper-arrow-left\" xmlns=\"http:\/\/www.w3.org\/2000\/svg\" x=\"0px\" y=\"0px\" viewBox=\"0 0 34.2 32.3\" xml:space=\"preserve\" style=\"stroke-width: 2;\"><line x1=\"0.5\" y1=\"16\" x2=\"33.5\" y2=\"16\"\/><line x1=\"0.3\" y1=\"16.5\" x2=\"16.2\" y2=\"0.7\"\/><line x1=\"0\" y1=\"15.4\" x2=\"16.2\" y2=\"31.6\"\/><\/svg><\/div>\n\t<div class=\"swiper-button-next swiper-button-outside swiper-button-next-569\"><svg class=\"qodef-swiper-arrow-right\" xmlns=\"http:\/\/www.w3.org\/2000\/svg\" x=\"0px\" y=\"0px\" viewBox=\"0 0 34.2 32.3\" xml:space=\"preserve\" style=\"stroke-width: 2;\"><line x1=\"0\" y1=\"16\" x2=\"33\" y2=\"16\"\/><line x1=\"17.3\" y1=\"0.7\" x2=\"33.2\" y2=\"16.5\"\/><line x1=\"17.3\" y1=\"31.6\" x2=\"33.5\" y2=\"15.4\"\/><\/svg><\/div>\n\t\t<div class=\"swiper-pagination qodef-swiper-pagination-outside swiper-pagination-569\"><\/div>\n\t\t\t\t<\/div>\n\t\t\t\t<\/div>\n\t\t\t\t<div class=\"elementor-element elementor-element-9cb40a0 elementor-widget elementor-widget-heading\" data-id=\"9cb40a0\" data-element_type=\"widget\" data-e-type=\"widget\" data-widget_type=\"heading.default\">\n\t\t\t\t<div class=\"elementor-widget-container\">\n\t\t\t\t\t<h2 class=\"elementor-heading-title elementor-size-default\">Une r\u00e9novation sign\u00e9e Topo\u00efein Studio<\/h2>\t\t\t\t<\/div>\n\t\t\t\t<\/div>\n\t\t\t\t<div class=\"elementor-element elementor-element-4a32497 elementor-widget elementor-widget-text-editor\" data-id=\"4a32497\" data-element_type=\"widget\" data-e-type=\"widget\" data-widget_type=\"text-editor.default\">\n\t\t\t\t<div class=\"elementor-widget-container\">\n\t\t\t\t\t\t\t\t\t<p>Lors de la r\u00e9novation, notre agence a opt\u00e9 pour des choix de mat\u00e9riaux innovants et esth\u00e9tiques, offrant ainsi une identit\u00e9 \u00e0 chaque espace du b\u00e2timent.<\/p><p><strong style=\"font-style: inherit; color: var( --e-global-color-text ); font-family: var( --e-global-typography-text-font-family ), Sans-serif; text-align: var(--text-align); background-color: var(--ast-global-color-5);\">Salles de R\u00e9union<\/strong><span style=\"font-style: inherit; font-weight: inherit; color: var( --e-global-color-text ); font-family: var( --e-global-typography-text-font-family ), Sans-serif; text-align: var(--text-align); background-color: var(--ast-global-color-5);\"> : Le choix s\u2019est port\u00e9 sur le rev\u00eatement de sol <\/span><strong style=\"font-style: inherit; color: var( --e-global-color-text ); font-family: var( --e-global-typography-text-font-family ), Sans-serif; text-align: var(--text-align); background-color: var(--ast-global-color-5);\">Flotex Vision<\/strong><span style=\"font-style: inherit; font-weight: inherit; color: var( --e-global-color-text ); font-family: var( --e-global-typography-text-font-family ), Sans-serif; text-align: var(--text-align); background-color: var(--ast-global-color-5);\">. Ce mat\u00e9riau, reconnu pour son design et sa durabilit\u00e9, apporte une touche moderne et professionnelle aux salles de r\u00e9union.\u00a0<\/span><\/p><p><strong style=\"font-style: inherit; color: var( --e-global-color-text ); font-family: var( --e-global-typography-text-font-family ), Sans-serif; text-align: var(--text-align); background-color: var(--ast-global-color-5);\">Locaux d\u2019Habitation<\/strong><span style=\"font-style: inherit; font-weight: inherit; color: var( --e-global-color-text ); font-family: var( --e-global-typography-text-font-family ), Sans-serif; text-align: var(--text-align); background-color: var(--ast-global-color-5);\"> : Pour ces espaces, le rev\u00eatement <\/span><strong style=\"font-style: inherit; color: var( --e-global-color-text ); font-family: var( --e-global-typography-text-font-family ), Sans-serif; text-align: var(--text-align); background-color: var(--ast-global-color-5);\">Novibat<\/strong><span style=\"font-style: inherit; font-weight: inherit; color: var( --e-global-color-text ); font-family: var( --e-global-typography-text-font-family ), Sans-serif; text-align: var(--text-align); background-color: var(--ast-global-color-5);\"> a \u00e9t\u00e9 s\u00e9lectionn\u00e9 en raison de ses excellentes propri\u00e9t\u00e9s acoustiques, garantissant un confort optimal aux occupants.<\/span><\/p><p><strong style=\"font-style: inherit; color: var( --e-global-color-text ); font-family: var( --e-global-typography-text-font-family ), Sans-serif; text-align: var(--text-align); background-color: var(--ast-global-color-5);\">Caf\u00e9t\u00e9ria<\/strong><span style=\"font-style: inherit; font-weight: inherit; color: var( --e-global-color-text ); font-family: var( --e-global-typography-text-font-family ), Sans-serif; text-align: var(--text-align); background-color: var(--ast-global-color-5);\"> : Le rev\u00eatement de sol <\/span><strong style=\"font-style: inherit; color: var( --e-global-color-text ); font-family: var( --e-global-typography-text-font-family ), Sans-serif; text-align: var(--text-align); background-color: var(--ast-global-color-5);\">Sarlon Trafic<\/strong><span style=\"font-style: inherit; font-weight: inherit; color: var( --e-global-color-text ); font-family: var( --e-global-typography-text-font-family ), Sans-serif; text-align: var(--text-align); background-color: var(--ast-global-color-5);\">, avec son motif bois, a \u00e9t\u00e9 install\u00e9 dans la caf\u00e9t\u00e9ria. Ce choix conf\u00e8re une atmosph\u00e8re chaleureuse et accueillante, id\u00e9ale pour un espace \u00e0 fort passage.<\/span><\/p><p><strong style=\"font-style: inherit; color: var( --e-global-color-text ); font-family: var( --e-global-typography-text-font-family ), Sans-serif; text-align: var(--text-align); background-color: var(--ast-global-color-5);\">Bureaux de la Ligue<\/strong><span style=\"font-style: inherit; font-weight: inherit; color: var( --e-global-color-text ); font-family: var( --e-global-typography-text-font-family ), Sans-serif; text-align: var(--text-align); background-color: var(--ast-global-color-5);\"> : Les bureaux ont \u00e9t\u00e9 r\u00e9nov\u00e9s avec le <\/span><strong style=\"font-style: inherit; color: var( --e-global-color-text ); font-family: var( --e-global-typography-text-font-family ), Sans-serif; text-align: var(--text-align); background-color: var(--ast-global-color-5);\">Flotex by Starck<\/strong><span style=\"font-style: inherit; font-weight: inherit; color: var( --e-global-color-text ); font-family: var( --e-global-typography-text-font-family ), Sans-serif; text-align: var(--text-align); background-color: var(--ast-global-color-5);\">, con\u00e7u par le c\u00e9l\u00e8bre cr\u00e9ateur Philippe Starck. Ce rev\u00eatement de sol unique, faisant partie de la collection Flotex chez Forbo Flooring, joue subtilement avec la lumi\u00e8re, les ombres et les couleurs, cr\u00e9ant un environnement apaisant et propice \u00e0 la concentration.<\/span><\/p>\t\t\t\t\t\t\t\t<\/div>\n\t\t\t\t<\/div>\n\t\t\t\t<div class=\"elementor-element elementor-element-85fc92a elementor-hidden-mobile elementor-widget elementor-widget-image\" data-id=\"85fc92a\" data-element_type=\"widget\" data-e-type=\"widget\" data-widget_type=\"image.default\">\n\t\t\t\t<div class=\"elementor-widget-container\">\n\t\t\t\t\t\t\t\t\t\t\t\t\t\t\t<img loading=\"lazy\" decoding=\"async\" width=\"925\" height=\"203\" src=\"https:\/\/topoieinstudio.fr\/wp-content\/uploads\/2024\/06\/Capture-decran-2024-06-26-111221.png\" class=\"attachment-large size-large wp-image-3223\" alt=\"\" srcset=\"https:\/\/topoieinstudio.fr\/wp-content\/uploads\/2024\/06\/Capture-decran-2024-06-26-111221.png 925w, https:\/\/topoieinstudio.fr\/wp-content\/uploads\/2024\/06\/Capture-decran-2024-06-26-111221-300x66.png 300w, https:\/\/topoieinstudio.fr\/wp-content\/uploads\/2024\/06\/Capture-decran-2024-06-26-111221-768x169.png 768w\" sizes=\"(max-width: 925px) 100vw, 925px\" \/>\t\t\t\t\t\t\t\t\t\t\t\t\t\t\t<\/div>\n\t\t\t\t<\/div>\n\t\t\t\t<div class=\"elementor-element elementor-element-889c748 elementor-widget elementor-widget-spacer\" data-id=\"889c748\" data-element_type=\"widget\" data-e-type=\"widget\" data-widget_type=\"spacer.default\">\n\t\t\t\t<div class=\"elementor-widget-container\">\n\t\t\t\t\t\t\t<div class=\"elementor-spacer\">\n\t\t\t<div class=\"elementor-spacer-inner\"><\/div>\n\t\t<\/div>\n\t\t\t\t\t\t<\/div>\n\t\t\t\t<\/div>\n\t\t\t\t<div class=\"elementor-element elementor-element-501a32b elementor-widget elementor-widget-heading\" data-id=\"501a32b\" data-element_type=\"widget\" data-e-type=\"widget\" data-widget_type=\"heading.default\">\n\t\t\t\t<div class=\"elementor-widget-container\">\n\t\t\t\t\t<h2 class=\"elementor-heading-title elementor-size-default\">Un projet qui allie esth\u00e9tisme et fonctionnalit\u00e9<\/h2>\t\t\t\t<\/div>\n\t\t\t\t<\/div>\n\t\t\t\t<div class=\"elementor-element elementor-element-e74bee7 elementor-widget elementor-widget-text-editor\" data-id=\"e74bee7\" data-element_type=\"widget\" data-e-type=\"widget\" data-widget_type=\"text-editor.default\">\n\t\t\t\t<div class=\"elementor-widget-container\">\n\t\t\t\t\t\t\t\t\t<p>Le b\u00e2timent des Poussots se distingue par la qualit\u00e9 de ses am\u00e9nagements et le soin apport\u00e9 \u00e0 chaque d\u00e9tail. Le choix des rev\u00eatements de sol refl\u00e8te une volont\u00e9 d\u2019allier esth\u00e9tisme, confort et fonctionnalit\u00e9. Chaque mat\u00e9riau a \u00e9t\u00e9 choisi pour r\u00e9pondre aux besoins sp\u00e9cifiques des diff\u00e9rents espaces, tout en cr\u00e9ant une harmonie visuelle et sensorielle.<\/p><p>Pour plus de d\u00e9tails, consultez <a href=\"https:\/\/www.forbo.com\/flooring\/fr-fr\/blog-realisations\/references-reportages-photos\/centre-de-formation-de-la-ligue-de-football\/r6gc7w?segmentId=&amp;categoryId=&amp;countryId=\" target=\"_new\" rel=\"noreferrer\">la page du projet sur Forbo <\/a>ainsi que leur <a href=\"https:\/\/view.publitas.com\/forboflooring-fr\/catalogue-2024\/page\/250\">catalogue\u00a0<\/a><\/p>\t\t\t\t\t\t\t\t<\/div>\n\t\t\t\t<\/div>\n\t\t\t\t<div class=\"elementor-element elementor-element-7b6d399 wpr-logo-position-center elementor-widget elementor-widget-wpr-logo\" data-id=\"7b6d399\" data-element_type=\"widget\" data-e-type=\"widget\" data-widget_type=\"wpr-logo.default\">\n\t\t\t\t<div class=\"elementor-widget-container\">\n\t\t\t\t\t\t\t\t\n\t\t\t<div class=\"wpr-logo elementor-clearfix\">\n\n\t\t\t\t\t\t\t\t<picture class=\"wpr-logo-image\">\n\t\t\t\t\t\n\t\t\t\t\t\t\t\t\t\t\n\t\t\t\t\t<img decoding=\"async\" src=\"https:\/\/topoieinstudio.fr\/wp-content\/uploads\/2024\/06\/forbo_flooring_logo.svg\" alt=\"\">\n\n\t\t\t\t\t\t\t\t\t\t\t<a class=\"wpr-logo-url\" rel=\"home\" aria-label=\"\" href=\"https:\/\/topoieinstudio.fr\/\"><\/a>\n\t\t\t\t\t\t\t\t\t<\/picture>\n\t\t\t\t\n\t\t\t\t\n\t\t\t\t\t\t\t\t\t<a class=\"wpr-logo-url\" rel=\"home\" aria-label=\"\" href=\"https:\/\/topoieinstudio.fr\/\"><\/a>\n\t\t\t\t\n\t\t\t<\/div>\n\t\t\t\t\n\t\t\t\t\t\t<\/div>\n\t\t\t\t<\/div>\n\t\t\t\t<div class=\"elementor-element elementor-element-d65d7e9 elementor-align-right elementor-mobile-align-left elementor-widget elementor-widget-button\" data-id=\"d65d7e9\" data-element_type=\"widget\" data-e-type=\"widget\" data-widget_type=\"button.default\">\n\t\t\t\t<div class=\"elementor-widget-container\">\n\t\t\t\t\t\t\t\t\t<div class=\"elementor-button-wrapper\">\n\t\t\t\t\t<a class=\"elementor-button elementor-button-link elementor-size-sm elementor-animation-wobble-horizontal\" href=\"https:\/\/topoieinstudio.fr\/index.php\/actualites\/\">\n\t\t\t\t\t\t<span class=\"elementor-button-content-wrapper\">\n\t\t\t\t\t\t\t\t\t<span class=\"elementor-button-text\">Retour aux actualit\u00e9s<\/span>\n\t\t\t\t\t<\/span>\n\t\t\t\t\t<\/a>\n\t\t\t\t<\/div>\n\t\t\t\t\t\t\t\t<\/div>\n\t\t\t\t<\/div>\n\t\t\t\t<div class=\"elementor-element elementor-element-6f920f8 elementor-widget elementor-widget-spacer\" data-id=\"6f920f8\" data-element_type=\"widget\" data-e-type=\"widget\" data-widget_type=\"spacer.default\">\n\t\t\t\t<div class=\"elementor-widget-container\">\n\t\t\t\t\t\t\t<div class=\"elementor-spacer\">\n\t\t\t<div class=\"elementor-spacer-inner\"><\/div>\n\t\t<\/div>\n\t\t\t\t\t\t<\/div>\n\t\t\t\t<\/div>\n\t\t\t\t\t<\/div>\n\t\t\t\t<\/div>\n\t\t\t\t<\/div>\n\t\t","protected":false},"excerpt":{"rendered":"<p>Le nouveau si\u00e8ge de la Ligue de Football Bourgogne-Franche-Comt\u00e9 \u00e0 Dijon, figure d\u00e9sormais dans le catalogue de Forbo, acteur international majeur du rev\u00eatement de sol souple. <\/p>\n","protected":false},"author":1,"featured_media":2524,"comment_status":"open","ping_status":"open","sticky":false,"template":"elementor_header_footer","format":"standard","meta":{"_monsterinsights_skip_tracking":false,"_monsterinsights_sitenote_active":false,"_monsterinsights_sitenote_note":"","_monsterinsights_sitenote_category":0,"site-sidebar-layout":"default","site-content-layout":"","ast-site-content-layout":"default","site-content-style":"default","site-sidebar-style":"default","ast-global-header-display":"","ast-banner-title-visibility":"","ast-main-header-display":"","ast-hfb-above-header-display":"","ast-hfb-below-header-display":"","ast-hfb-mobile-header-display":"","site-post-title":"","ast-breadcrumbs-content":"","ast-featured-img":"","footer-sml-layout":"","ast-disable-related-posts":"","theme-transparent-header-meta":"","adv-header-id-meta":"","stick-header-meta":"","header-above-stick-meta":"","header-main-stick-meta":"","header-below-stick-meta":"","astra-migrate-meta-layouts":"default","ast-page-background-enabled":"default","ast-page-background-meta":{"desktop":{"background-color":"var(--ast-global-color-4)","background-image":"","background-repeat":"repeat","background-position":"center center","background-size":"auto","background-attachment":"scroll","background-type":"","background-media":"","overlay-type":"","overlay-color":"","overlay-opacity":"","overlay-gradient":""},"tablet":{"background-color":"","background-image":"","background-repeat":"repeat","background-position":"center center","background-size":"auto","background-attachment":"scroll","background-type":"","background-media":"","overlay-type":"","overlay-color":"","overlay-opacity":"","overlay-gradient":""},"mobile":{"background-color":"","background-image":"","background-repeat":"repeat","background-position":"center center","background-size":"auto","background-attachment":"scroll","background-type":"","background-media":"","overlay-type":"","overlay-color":"","overlay-opacity":"","overlay-gradient":""}},"ast-content-background-meta":{"desktop":{"background-color":"var(--ast-global-color-5)","background-image":"","background-repeat":"repeat","background-position":"center center","background-size":"auto","background-attachment":"scroll","background-type":"","background-media":"","overlay-type":"","overlay-color":"","overlay-opacity":"","overlay-gradient":""},"tablet":{"background-color":"var(--ast-global-color-5)","background-image":"","background-repeat":"repeat","background-position":"center center","background-size":"auto","background-attachment":"scroll","background-type":"","background-media":"","overlay-type":"","overlay-color":"","overlay-opacity":"","overlay-gradient":""},"mobile":{"background-color":"var(--ast-global-color-5)","background-image":"","background-repeat":"repeat","background-position":"center center","background-size":"auto","background-attachment":"scroll","background-type":"","background-media":"","overlay-type":"","overlay-color":"","overlay-opacity":"","overlay-gradient":""}},"footnotes":""},"categories":[1],"tags":[],"class_list":["post-7583","post","type-post","status-publish","format-standard","has-post-thumbnail","hentry","category-non-classe"],"yoast_head":"<!-- This site is optimized with the Yoast SEO plugin v27.5 - https:\/\/yoast.com\/product\/yoast-seo-wordpress\/ -->\n<title>Le nouveau si\u00e8ge de la Ligue de Football BFC \u00e0 Dijon, figure d\u00e9sormais dans le catalogue de Forbo. - Topoiein Studio<\/title>\n<meta name=\"description\" content=\"Le si\u00e8ge de la Ligue de Football BFC \u00e0 Dijon, figure d\u00e9sormais dans le catalogue de Forbo, acteur international du rev\u00eatement de sol souple.\" \/>\n<meta name=\"robots\" content=\"index, follow, max-snippet:-1, max-image-preview:large, max-video-preview:-1\" \/>\n<link rel=\"canonical\" href=\"https:\/\/topoieinstudio.fr\/index.php\/2024\/06\/26\/le-nouveau-siege-de-la-ligue-de-football-bfc-a-dijon-figure-desormais-dans-le-catalogue-de-forbo\/\" \/>\n<meta property=\"og:locale\" content=\"fr_FR\" \/>\n<meta property=\"og:type\" content=\"article\" \/>\n<meta property=\"og:title\" content=\"Le nouveau si\u00e8ge de la Ligue de Football BFC \u00e0 Dijon, figure d\u00e9sormais dans le catalogue de Forbo. - Topoiein Studio\" \/>\n<meta property=\"og:description\" content=\"Le si\u00e8ge de la Ligue de Football BFC \u00e0 Dijon, figure d\u00e9sormais dans le catalogue de Forbo, acteur international du rev\u00eatement de sol souple.\" \/>\n<meta property=\"og:url\" content=\"https:\/\/topoieinstudio.fr\/index.php\/2024\/06\/26\/le-nouveau-siege-de-la-ligue-de-football-bfc-a-dijon-figure-desormais-dans-le-catalogue-de-forbo\/\" \/>\n<meta property=\"og:site_name\" content=\"Topoiein Studio\" \/>\n<meta property=\"article:published_time\" content=\"2024-06-26T08:01:18+00:00\" \/>\n<meta property=\"article:modified_time\" content=\"2024-08-27T08:36:09+00:00\" \/>\n<meta property=\"og:image\" content=\"https:\/\/topoieinstudio.fr\/wp-content\/uploads\/2024\/06\/Ligue-vue-salle-de-reunion.jpg\" \/>\n\t<meta property=\"og:image:width\" content=\"1253\" \/>\n\t<meta property=\"og:image:height\" content=\"836\" \/>\n\t<meta property=\"og:image:type\" content=\"image\/jpeg\" \/>\n<meta name=\"author\" content=\"admin2370\" \/>\n<meta name=\"twitter:card\" content=\"summary_large_image\" \/>\n<meta name=\"twitter:label1\" content=\"\u00c9crit par\" \/>\n\t<meta name=\"twitter:data1\" content=\"admin2370\" \/>\n\t<meta name=\"twitter:label2\" content=\"Dur\u00e9e de lecture estim\u00e9e\" \/>\n\t<meta name=\"twitter:data2\" content=\"4 minutes\" \/>\n<script type=\"application\/ld+json\" class=\"yoast-schema-graph\">{\"@context\":\"https:\\\/\\\/schema.org\",\"@graph\":[{\"@type\":\"Article\",\"@id\":\"https:\\\/\\\/topoieinstudio.fr\\\/index.php\\\/2024\\\/06\\\/26\\\/le-nouveau-siege-de-la-ligue-de-football-bfc-a-dijon-figure-desormais-dans-le-catalogue-de-forbo\\\/#article\",\"isPartOf\":{\"@id\":\"https:\\\/\\\/topoieinstudio.fr\\\/index.php\\\/2024\\\/06\\\/26\\\/le-nouveau-siege-de-la-ligue-de-football-bfc-a-dijon-figure-desormais-dans-le-catalogue-de-forbo\\\/\"},\"author\":{\"name\":\"admin2370\",\"@id\":\"https:\\\/\\\/topoieinstudio.fr\\\/#\\\/schema\\\/person\\\/e91cfac58feccac913434c2494900a26\"},\"headline\":\"Le nouveau si\u00e8ge de la Ligue de Football BFC \u00e0 Dijon, figure d\u00e9sormais dans le catalogue de Forbo.\",\"datePublished\":\"2024-06-26T08:01:18+00:00\",\"dateModified\":\"2024-08-27T08:36:09+00:00\",\"mainEntityOfPage\":{\"@id\":\"https:\\\/\\\/topoieinstudio.fr\\\/index.php\\\/2024\\\/06\\\/26\\\/le-nouveau-siege-de-la-ligue-de-football-bfc-a-dijon-figure-desormais-dans-le-catalogue-de-forbo\\\/\"},\"wordCount\":399,\"commentCount\":0,\"publisher\":{\"@id\":\"https:\\\/\\\/topoieinstudio.fr\\\/#organization\"},\"image\":{\"@id\":\"https:\\\/\\\/topoieinstudio.fr\\\/index.php\\\/2024\\\/06\\\/26\\\/le-nouveau-siege-de-la-ligue-de-football-bfc-a-dijon-figure-desormais-dans-le-catalogue-de-forbo\\\/#primaryimage\"},\"thumbnailUrl\":\"https:\\\/\\\/topoieinstudio.fr\\\/wp-content\\\/uploads\\\/2024\\\/06\\\/Ligue-vue-salle-de-reunion.jpg\",\"inLanguage\":\"fr-FR\",\"potentialAction\":[{\"@type\":\"CommentAction\",\"name\":\"Comment\",\"target\":[\"https:\\\/\\\/topoieinstudio.fr\\\/index.php\\\/2024\\\/06\\\/26\\\/le-nouveau-siege-de-la-ligue-de-football-bfc-a-dijon-figure-desormais-dans-le-catalogue-de-forbo\\\/#respond\"]}]},{\"@type\":\"WebPage\",\"@id\":\"https:\\\/\\\/topoieinstudio.fr\\\/index.php\\\/2024\\\/06\\\/26\\\/le-nouveau-siege-de-la-ligue-de-football-bfc-a-dijon-figure-desormais-dans-le-catalogue-de-forbo\\\/\",\"url\":\"https:\\\/\\\/topoieinstudio.fr\\\/index.php\\\/2024\\\/06\\\/26\\\/le-nouveau-siege-de-la-ligue-de-football-bfc-a-dijon-figure-desormais-dans-le-catalogue-de-forbo\\\/\",\"name\":\"Le nouveau si\u00e8ge de la Ligue de Football BFC \u00e0 Dijon, figure d\u00e9sormais dans le catalogue de Forbo. - Topoiein Studio\",\"isPartOf\":{\"@id\":\"https:\\\/\\\/topoieinstudio.fr\\\/#website\"},\"primaryImageOfPage\":{\"@id\":\"https:\\\/\\\/topoieinstudio.fr\\\/index.php\\\/2024\\\/06\\\/26\\\/le-nouveau-siege-de-la-ligue-de-football-bfc-a-dijon-figure-desormais-dans-le-catalogue-de-forbo\\\/#primaryimage\"},\"image\":{\"@id\":\"https:\\\/\\\/topoieinstudio.fr\\\/index.php\\\/2024\\\/06\\\/26\\\/le-nouveau-siege-de-la-ligue-de-football-bfc-a-dijon-figure-desormais-dans-le-catalogue-de-forbo\\\/#primaryimage\"},\"thumbnailUrl\":\"https:\\\/\\\/topoieinstudio.fr\\\/wp-content\\\/uploads\\\/2024\\\/06\\\/Ligue-vue-salle-de-reunion.jpg\",\"datePublished\":\"2024-06-26T08:01:18+00:00\",\"dateModified\":\"2024-08-27T08:36:09+00:00\",\"description\":\"Le si\u00e8ge de la Ligue de Football BFC \u00e0 Dijon, figure d\u00e9sormais dans le catalogue de Forbo, acteur international du rev\u00eatement de sol souple.\",\"breadcrumb\":{\"@id\":\"https:\\\/\\\/topoieinstudio.fr\\\/index.php\\\/2024\\\/06\\\/26\\\/le-nouveau-siege-de-la-ligue-de-football-bfc-a-dijon-figure-desormais-dans-le-catalogue-de-forbo\\\/#breadcrumb\"},\"inLanguage\":\"fr-FR\",\"potentialAction\":[{\"@type\":\"ReadAction\",\"target\":[\"https:\\\/\\\/topoieinstudio.fr\\\/index.php\\\/2024\\\/06\\\/26\\\/le-nouveau-siege-de-la-ligue-de-football-bfc-a-dijon-figure-desormais-dans-le-catalogue-de-forbo\\\/\"]}]},{\"@type\":\"ImageObject\",\"inLanguage\":\"fr-FR\",\"@id\":\"https:\\\/\\\/topoieinstudio.fr\\\/index.php\\\/2024\\\/06\\\/26\\\/le-nouveau-siege-de-la-ligue-de-football-bfc-a-dijon-figure-desormais-dans-le-catalogue-de-forbo\\\/#primaryimage\",\"url\":\"https:\\\/\\\/topoieinstudio.fr\\\/wp-content\\\/uploads\\\/2024\\\/06\\\/Ligue-vue-salle-de-reunion.jpg\",\"contentUrl\":\"https:\\\/\\\/topoieinstudio.fr\\\/wp-content\\\/uploads\\\/2024\\\/06\\\/Ligue-vue-salle-de-reunion.jpg\",\"width\":1253,\"height\":836,\"caption\":\"Si\u00e8ge de la Ligue BFC\"},{\"@type\":\"BreadcrumbList\",\"@id\":\"https:\\\/\\\/topoieinstudio.fr\\\/index.php\\\/2024\\\/06\\\/26\\\/le-nouveau-siege-de-la-ligue-de-football-bfc-a-dijon-figure-desormais-dans-le-catalogue-de-forbo\\\/#breadcrumb\",\"itemListElement\":[{\"@type\":\"ListItem\",\"position\":1,\"name\":\"Accueil\",\"item\":\"https:\\\/\\\/topoieinstudio.fr\\\/\"},{\"@type\":\"ListItem\",\"position\":2,\"name\":\"Le nouveau si\u00e8ge de la Ligue de Football BFC \u00e0 Dijon, figure d\u00e9sormais dans le catalogue de Forbo.\"}]},{\"@type\":\"WebSite\",\"@id\":\"https:\\\/\\\/topoieinstudio.fr\\\/#website\",\"url\":\"https:\\\/\\\/topoieinstudio.fr\\\/\",\"name\":\"Topoiein Studio\",\"description\":\"\",\"publisher\":{\"@id\":\"https:\\\/\\\/topoieinstudio.fr\\\/#organization\"},\"potentialAction\":[{\"@type\":\"SearchAction\",\"target\":{\"@type\":\"EntryPoint\",\"urlTemplate\":\"https:\\\/\\\/topoieinstudio.fr\\\/?s={search_term_string}\"},\"query-input\":{\"@type\":\"PropertyValueSpecification\",\"valueRequired\":true,\"valueName\":\"search_term_string\"}}],\"inLanguage\":\"fr-FR\"},{\"@type\":\"Organization\",\"@id\":\"https:\\\/\\\/topoieinstudio.fr\\\/#organization\",\"name\":\"Topoiein Studio\",\"url\":\"https:\\\/\\\/topoieinstudio.fr\\\/\",\"logo\":{\"@type\":\"ImageObject\",\"inLanguage\":\"fr-FR\",\"@id\":\"https:\\\/\\\/topoieinstudio.fr\\\/#\\\/schema\\\/logo\\\/image\\\/\",\"url\":\"https:\\\/\\\/topoieinstudio.fr\\\/wp-content\\\/uploads\\\/2024\\\/05\\\/Logo-sans-signature.svg\",\"contentUrl\":\"https:\\\/\\\/topoieinstudio.fr\\\/wp-content\\\/uploads\\\/2024\\\/05\\\/Logo-sans-signature.svg\",\"width\":305,\"height\":215,\"caption\":\"Topoiein Studio\"},\"image\":{\"@id\":\"https:\\\/\\\/topoieinstudio.fr\\\/#\\\/schema\\\/logo\\\/image\\\/\"}},{\"@type\":\"Person\",\"@id\":\"https:\\\/\\\/topoieinstudio.fr\\\/#\\\/schema\\\/person\\\/e91cfac58feccac913434c2494900a26\",\"name\":\"admin2370\",\"image\":{\"@type\":\"ImageObject\",\"inLanguage\":\"fr-FR\",\"@id\":\"https:\\\/\\\/secure.gravatar.com\\\/avatar\\\/8d444c2d98969ceabe1d35df0e677d096c7acf354c3b83bfde3e94e8dea5208d?s=96&d=mm&r=g\",\"url\":\"https:\\\/\\\/secure.gravatar.com\\\/avatar\\\/8d444c2d98969ceabe1d35df0e677d096c7acf354c3b83bfde3e94e8dea5208d?s=96&d=mm&r=g\",\"contentUrl\":\"https:\\\/\\\/secure.gravatar.com\\\/avatar\\\/8d444c2d98969ceabe1d35df0e677d096c7acf354c3b83bfde3e94e8dea5208d?s=96&d=mm&r=g\",\"caption\":\"admin2370\"},\"sameAs\":[\"http:\\\/\\\/topoieinstudio.fr\"],\"url\":\"https:\\\/\\\/topoieinstudio.fr\\\/index.php\\\/author\\\/admin2370\\\/\"}]}<\/script>\n<!-- \/ Yoast SEO plugin. -->","yoast_head_json":{"title":"Le nouveau si\u00e8ge de la Ligue de Football BFC \u00e0 Dijon, figure d\u00e9sormais dans le catalogue de Forbo. - Topoiein Studio","description":"Le si\u00e8ge de la Ligue de Football BFC \u00e0 Dijon, figure d\u00e9sormais dans le catalogue de Forbo, acteur international du rev\u00eatement de sol souple.","robots":{"index":"index","follow":"follow","max-snippet":"max-snippet:-1","max-image-preview":"max-image-preview:large","max-video-preview":"max-video-preview:-1"},"canonical":"https:\/\/topoieinstudio.fr\/index.php\/2024\/06\/26\/le-nouveau-siege-de-la-ligue-de-football-bfc-a-dijon-figure-desormais-dans-le-catalogue-de-forbo\/","og_locale":"fr_FR","og_type":"article","og_title":"Le nouveau si\u00e8ge de la Ligue de Football BFC \u00e0 Dijon, figure d\u00e9sormais dans le catalogue de Forbo. - Topoiein Studio","og_description":"Le si\u00e8ge de la Ligue de Football BFC \u00e0 Dijon, figure d\u00e9sormais dans le catalogue de Forbo, acteur international du rev\u00eatement de sol souple.","og_url":"https:\/\/topoieinstudio.fr\/index.php\/2024\/06\/26\/le-nouveau-siege-de-la-ligue-de-football-bfc-a-dijon-figure-desormais-dans-le-catalogue-de-forbo\/","og_site_name":"Topoiein Studio","article_published_time":"2024-06-26T08:01:18+00:00","article_modified_time":"2024-08-27T08:36:09+00:00","og_image":[{"width":1253,"height":836,"url":"https:\/\/topoieinstudio.fr\/wp-content\/uploads\/2024\/06\/Ligue-vue-salle-de-reunion.jpg","type":"image\/jpeg"}],"author":"admin2370","twitter_card":"summary_large_image","twitter_misc":{"\u00c9crit par":"admin2370","Dur\u00e9e de lecture estim\u00e9e":"4 minutes"},"schema":{"@context":"https:\/\/schema.org","@graph":[{"@type":"Article","@id":"https:\/\/topoieinstudio.fr\/index.php\/2024\/06\/26\/le-nouveau-siege-de-la-ligue-de-football-bfc-a-dijon-figure-desormais-dans-le-catalogue-de-forbo\/#article","isPartOf":{"@id":"https:\/\/topoieinstudio.fr\/index.php\/2024\/06\/26\/le-nouveau-siege-de-la-ligue-de-football-bfc-a-dijon-figure-desormais-dans-le-catalogue-de-forbo\/"},"author":{"name":"admin2370","@id":"https:\/\/topoieinstudio.fr\/#\/schema\/person\/e91cfac58feccac913434c2494900a26"},"headline":"Le nouveau si\u00e8ge de la Ligue de Football BFC \u00e0 Dijon, figure d\u00e9sormais dans le catalogue de Forbo.","datePublished":"2024-06-26T08:01:18+00:00","dateModified":"2024-08-27T08:36:09+00:00","mainEntityOfPage":{"@id":"https:\/\/topoieinstudio.fr\/index.php\/2024\/06\/26\/le-nouveau-siege-de-la-ligue-de-football-bfc-a-dijon-figure-desormais-dans-le-catalogue-de-forbo\/"},"wordCount":399,"commentCount":0,"publisher":{"@id":"https:\/\/topoieinstudio.fr\/#organization"},"image":{"@id":"https:\/\/topoieinstudio.fr\/index.php\/2024\/06\/26\/le-nouveau-siege-de-la-ligue-de-football-bfc-a-dijon-figure-desormais-dans-le-catalogue-de-forbo\/#primaryimage"},"thumbnailUrl":"https:\/\/topoieinstudio.fr\/wp-content\/uploads\/2024\/06\/Ligue-vue-salle-de-reunion.jpg","inLanguage":"fr-FR","potentialAction":[{"@type":"CommentAction","name":"Comment","target":["https:\/\/topoieinstudio.fr\/index.php\/2024\/06\/26\/le-nouveau-siege-de-la-ligue-de-football-bfc-a-dijon-figure-desormais-dans-le-catalogue-de-forbo\/#respond"]}]},{"@type":"WebPage","@id":"https:\/\/topoieinstudio.fr\/index.php\/2024\/06\/26\/le-nouveau-siege-de-la-ligue-de-football-bfc-a-dijon-figure-desormais-dans-le-catalogue-de-forbo\/","url":"https:\/\/topoieinstudio.fr\/index.php\/2024\/06\/26\/le-nouveau-siege-de-la-ligue-de-football-bfc-a-dijon-figure-desormais-dans-le-catalogue-de-forbo\/","name":"Le nouveau si\u00e8ge de la Ligue de Football BFC \u00e0 Dijon, figure d\u00e9sormais dans le catalogue de Forbo. - Topoiein Studio","isPartOf":{"@id":"https:\/\/topoieinstudio.fr\/#website"},"primaryImageOfPage":{"@id":"https:\/\/topoieinstudio.fr\/index.php\/2024\/06\/26\/le-nouveau-siege-de-la-ligue-de-football-bfc-a-dijon-figure-desormais-dans-le-catalogue-de-forbo\/#primaryimage"},"image":{"@id":"https:\/\/topoieinstudio.fr\/index.php\/2024\/06\/26\/le-nouveau-siege-de-la-ligue-de-football-bfc-a-dijon-figure-desormais-dans-le-catalogue-de-forbo\/#primaryimage"},"thumbnailUrl":"https:\/\/topoieinstudio.fr\/wp-content\/uploads\/2024\/06\/Ligue-vue-salle-de-reunion.jpg","datePublished":"2024-06-26T08:01:18+00:00","dateModified":"2024-08-27T08:36:09+00:00","description":"Le si\u00e8ge de la Ligue de Football BFC \u00e0 Dijon, figure d\u00e9sormais dans le catalogue de Forbo, acteur international du rev\u00eatement de sol souple.","breadcrumb":{"@id":"https:\/\/topoieinstudio.fr\/index.php\/2024\/06\/26\/le-nouveau-siege-de-la-ligue-de-football-bfc-a-dijon-figure-desormais-dans-le-catalogue-de-forbo\/#breadcrumb"},"inLanguage":"fr-FR","potentialAction":[{"@type":"ReadAction","target":["https:\/\/topoieinstudio.fr\/index.php\/2024\/06\/26\/le-nouveau-siege-de-la-ligue-de-football-bfc-a-dijon-figure-desormais-dans-le-catalogue-de-forbo\/"]}]},{"@type":"ImageObject","inLanguage":"fr-FR","@id":"https:\/\/topoieinstudio.fr\/index.php\/2024\/06\/26\/le-nouveau-siege-de-la-ligue-de-football-bfc-a-dijon-figure-desormais-dans-le-catalogue-de-forbo\/#primaryimage","url":"https:\/\/topoieinstudio.fr\/wp-content\/uploads\/2024\/06\/Ligue-vue-salle-de-reunion.jpg","contentUrl":"https:\/\/topoieinstudio.fr\/wp-content\/uploads\/2024\/06\/Ligue-vue-salle-de-reunion.jpg","width":1253,"height":836,"caption":"Si\u00e8ge de la Ligue BFC"},{"@type":"BreadcrumbList","@id":"https:\/\/topoieinstudio.fr\/index.php\/2024\/06\/26\/le-nouveau-siege-de-la-ligue-de-football-bfc-a-dijon-figure-desormais-dans-le-catalogue-de-forbo\/#breadcrumb","itemListElement":[{"@type":"ListItem","position":1,"name":"Accueil","item":"https:\/\/topoieinstudio.fr\/"},{"@type":"ListItem","position":2,"name":"Le nouveau si\u00e8ge de la Ligue de Football BFC \u00e0 Dijon, figure d\u00e9sormais dans le catalogue de Forbo."}]},{"@type":"WebSite","@id":"https:\/\/topoieinstudio.fr\/#website","url":"https:\/\/topoieinstudio.fr\/","name":"Topoiein Studio","description":"","publisher":{"@id":"https:\/\/topoieinstudio.fr\/#organization"},"potentialAction":[{"@type":"SearchAction","target":{"@type":"EntryPoint","urlTemplate":"https:\/\/topoieinstudio.fr\/?s={search_term_string}"},"query-input":{"@type":"PropertyValueSpecification","valueRequired":true,"valueName":"search_term_string"}}],"inLanguage":"fr-FR"},{"@type":"Organization","@id":"https:\/\/topoieinstudio.fr\/#organization","name":"Topoiein Studio","url":"https:\/\/topoieinstudio.fr\/","logo":{"@type":"ImageObject","inLanguage":"fr-FR","@id":"https:\/\/topoieinstudio.fr\/#\/schema\/logo\/image\/","url":"https:\/\/topoieinstudio.fr\/wp-content\/uploads\/2024\/05\/Logo-sans-signature.svg","contentUrl":"https:\/\/topoieinstudio.fr\/wp-content\/uploads\/2024\/05\/Logo-sans-signature.svg","width":305,"height":215,"caption":"Topoiein Studio"},"image":{"@id":"https:\/\/topoieinstudio.fr\/#\/schema\/logo\/image\/"}},{"@type":"Person","@id":"https:\/\/topoieinstudio.fr\/#\/schema\/person\/e91cfac58feccac913434c2494900a26","name":"admin2370","image":{"@type":"ImageObject","inLanguage":"fr-FR","@id":"https:\/\/secure.gravatar.com\/avatar\/8d444c2d98969ceabe1d35df0e677d096c7acf354c3b83bfde3e94e8dea5208d?s=96&d=mm&r=g","url":"https:\/\/secure.gravatar.com\/avatar\/8d444c2d98969ceabe1d35df0e677d096c7acf354c3b83bfde3e94e8dea5208d?s=96&d=mm&r=g","contentUrl":"https:\/\/secure.gravatar.com\/avatar\/8d444c2d98969ceabe1d35df0e677d096c7acf354c3b83bfde3e94e8dea5208d?s=96&d=mm&r=g","caption":"admin2370"},"sameAs":["http:\/\/topoieinstudio.fr"],"url":"https:\/\/topoieinstudio.fr\/index.php\/author\/admin2370\/"}]}},"_links":{"self":[{"href":"https:\/\/topoieinstudio.fr\/index.php\/wp-json\/wp\/v2\/posts\/7583","targetHints":{"allow":["GET"]}}],"collection":[{"href":"https:\/\/topoieinstudio.fr\/index.php\/wp-json\/wp\/v2\/posts"}],"about":[{"href":"https:\/\/topoieinstudio.fr\/index.php\/wp-json\/wp\/v2\/types\/post"}],"author":[{"embeddable":true,"href":"https:\/\/topoieinstudio.fr\/index.php\/wp-json\/wp\/v2\/users\/1"}],"replies":[{"embeddable":true,"href":"https:\/\/topoieinstudio.fr\/index.php\/wp-json\/wp\/v2\/comments?post=7583"}],"version-history":[{"count":13,"href":"https:\/\/topoieinstudio.fr\/index.php\/wp-json\/wp\/v2\/posts\/7583\/revisions"}],"predecessor-version":[{"id":8312,"href":"https:\/\/topoieinstudio.fr\/index.php\/wp-json\/wp\/v2\/posts\/7583\/revisions\/8312"}],"wp:featuredmedia":[{"embeddable":true,"href":"https:\/\/topoieinstudio.fr\/index.php\/wp-json\/wp\/v2\/media\/2524"}],"wp:attachment":[{"href":"https:\/\/topoieinstudio.fr\/index.php\/wp-json\/wp\/v2\/media?parent=7583"}],"wp:term":[{"taxonomy":"category","embeddable":true,"href":"https:\/\/topoieinstudio.fr\/index.php\/wp-json\/wp\/v2\/categories?post=7583"},{"taxonomy":"post_tag","embeddable":true,"href":"https:\/\/topoieinstudio.fr\/index.php\/wp-json\/wp\/v2\/tags?post=7583"}],"curies":[{"name":"wp","href":"https:\/\/api.w.org\/{rel}","templated":true}]}}